[{"@context":"https:\/\/schema.org\/","@type":"Article","@id":"https:\/\/www.auxilia.cz\/proc-zazivame-nekdy-reverzni-kulturni-sok\/#Article","mainEntityOfPage":"https:\/\/www.auxilia.cz\/proc-zazivame-nekdy-reverzni-kulturni-sok\/","headline":"Pro\u010d za\u017e\u00edv\u00e1me n\u011bkdy reverzn\u00ed kulturn\u00ed \u0161ok","name":"Pro\u010d za\u017e\u00edv\u00e1me n\u011bkdy reverzn\u00ed kulturn\u00ed \u0161ok","description":"O fenom\u00e9nu kulturn\u00edho \u0161oku nejsp\u00ed\u0161 sly\u0161el ji\u017e ka\u017ed\u00fd, a mnoho z\u00a0n\u00e1s se s\u00a0n\u00edm i setkalo. V\u00a0podstat\u011b se jedn\u00e1 o situaci, kdy se najednou dostaneme do \u00fapln\u011b jin\u00e9ho kulturn\u00edho prost\u0159ed\u00ed, ne\u017e na jak\u00e9 jsme byli doposud zvykl\u00ed. To samoz\u0159ejm\u011b nen\u00ed nic, co bychom zvl\u00e1dali snadno. A p\u0159itom ona kultura nemus\u00ed b\u00fdt","datePublished":"2023-10-05","dateModified":"2023-10-05","author":{"@type":"Person","@id":"https:\/\/www.auxilia.cz\/author\/#Person","name":"","url":"https:\/\/www.auxilia.cz\/author\/","identifier":1,"image":{"@type":"ImageObject","@id":"https:\/\/secure.gravatar.com\/avatar\/0dc285cbe86eecc8073f119fcb2e2c7032b51533f5bb47611c7d4a598558b8b7?s=96&d=mm&r=g","url":"https:\/\/secure.gravatar.com\/avatar\/0dc285cbe86eecc8073f119fcb2e2c7032b51533f5bb47611c7d4a598558b8b7?s=96&d=mm&r=g","height":96,"width":96}},"publisher":{"@type":"Organization","name":"auxilia.cz","logo":{"@type":"ImageObject","@id":"\/logo.png","url":"\/logo.png","width":600,"height":60}},"image":{"@type":"ImageObject","@id":"https:\/\/www.auxilia.cz\/wp-content\/uploads\/kultura6_10.jpg","url":"https:\/\/www.auxilia.cz\/wp-content\/uploads\/kultura6_10.jpg","height":0,"width":0},"url":"https:\/\/www.auxilia.cz\/proc-zazivame-nekdy-reverzni-kulturni-sok\/","about":["Kultura"],"wordCount":481,"articleBody":"O fenom\u00e9nu kulturn\u00edho \u0161oku nejsp\u00ed\u0161 sly\u0161el ji\u017e ka\u017ed\u00fd, a mnoho z\u00a0n\u00e1s se s\u00a0n\u00edm i setkalo. V\u00a0podstat\u011b se jedn\u00e1 o situaci, kdy se najednou dostaneme do \u00fapln\u011b jin\u00e9ho kulturn\u00edho prost\u0159ed\u00ed, ne\u017e na jak\u00e9 jsme byli doposud zvykl\u00ed. To samoz\u0159ejm\u011b nen\u00ed nic, co bychom zvl\u00e1dali snadno. A p\u0159itom ona kultura nemus\u00ed b\u00fdt a\u017e tak odli\u0161n\u00e1 od t\u00e9 na\u0161\u00ed. Sta\u010d\u00ed nap\u0159\u00edklad, kdy\u017e p\u0159ijedeme do USA, kter\u00e1 k\u00a0n\u00e1m m\u00e1 kulturn\u011b relativn\u011b bl\u00edzko \u2013 rozhodn\u011b bl\u00ed\u017ee ne\u017e nap\u0159\u00edklad n\u011bkter\u00e9 asijsk\u00e9 \u010di africk\u00e9 zem\u011b. I zde pro n\u00e1s v\u0161ak bude mnoho v\u011bc\u00ed nov\u00fdch a leckdy nepochopiteln\u00fdch.\u00a0Pokud v\u0161ak v\u00a0dan\u00e9m prost\u0159ed\u00ed str\u00e1v\u00edme del\u0161\u00ed dobu, nap\u0159\u00edklad proto, \u017ee se do dan\u00e9 zem\u011b p\u0159est\u011bhujeme, pak se s\u00a0nejv\u011bt\u0161\u00ed pravd\u011bpodobnost\u00ed \u010dasem asimilujeme. Jednodu\u0161e \u0159e\u010deno, onu kulturu p\u0159ijmeme za vlastn\u00ed, a nakonec n\u00e1m bude p\u0159ipadat naprosto norm\u00e1ln\u00ed. Nebudeme ch\u00e1pat, co jsme na n\u00ed kdysi vid\u011bli divn\u00e9ho. Pak se ov\u0161em m\u016f\u017ee st\u00e1t, \u017ee bude n\u00e1sledovat reverzn\u00ed kulturn\u00ed \u0161ok.\u00a0\u00a0To je n\u011bco, o \u010dem se p\u0159\u00edli\u0161 nemluv\u00ed, nebo\u0165 v\u011bt\u0161ina lid\u00ed nechce p\u0159\u00edli\u0161 p\u0159iznat, \u017ee j\u00edm trp\u00ed. V\u00a0podstat\u011b se jedn\u00e1 o kulturn\u00ed \u0161ok, kter\u00fd utrp\u00edme, kdy\u017e se po dlouh\u00e9 dob\u011b zase vr\u00e1t\u00edme do zem\u011b sv\u00e9ho p\u016fvodu. St\u00e1t se to m\u016f\u017ee nap\u0159\u00edklad pokud \u010dlov\u011bk \u017eije n\u011bkolik let \u010di desetilet\u00ed v\u00a0cizin\u011b, ne\u017e se vr\u00e1t\u00ed do vlasti. Najednou mu v\u011bci, kter\u00e9 v\u00a0dob\u011b, kdy tu p\u016fvodn\u011b \u017eil, p\u0159ipadaly jako norm\u00e1ln\u00ed p\u0159ijdou velmi zvl\u00e1\u0161tn\u00ed. Pro\u010d se to ale d\u011bje, kdy\u017e jsme v\u00a0on\u00e9 kultu\u0159e p\u016fvodn\u011b vyr\u016fstali?\u00a0\u00a0Jednodu\u0161e \u0159e\u010deno, postupem \u010dasu na sv\u016fj p\u016fvodn\u00ed domov zapomeneme. Jist\u011b, budeme jej m\u00edt v\u00a0pam\u011bti, av\u0161ak pam\u011b\u0165 rozhodn\u011b nen\u00ed pevn\u00e1 jako sk\u00e1la. Naopak, neust\u00e1le se m\u011bn\u00ed, a tak se upravuj\u00ed i na\u0161e vzpom\u00ednky. \u010casto tak vid\u00edme nap\u0159\u00edklad na\u0161e d\u011btstv\u00ed p\u0159es r\u016f\u017eov\u00e9 br\u00fdle, nebo\u0165 na\u0161e mysl vyt\u011bsnila to \u0161patn\u00e9, p\u0159\u00edpadn\u011b tomu p\u0159isoudila men\u0161\u00ed dopad. Kdy\u017e se pak na dan\u00e9 m\u00edsto vr\u00e1t\u00edme, m\u016f\u017ee n\u00e1s pak \u010dekat nep\u0159\u00edjemn\u00e9 p\u0159ekvapen\u00ed.\u00a0Jist\u011b, je pravdou, \u017ee to nen\u00ed nic p\u0159\u00edjemn\u00e9ho. Pokud jsme v\u0161ak pob\u00fdvali dlouhou dobu v\u00a0cizin\u011b, mus\u00edme s\u00a0t\u00edm po\u010d\u00edtat. Najednou n\u00e1m zdej\u0161\u00ed obyvatel\u00e9 za\u010dnou p\u0159ipadat \u201edivn\u00ed\u201c, ani\u017e bychom v\u011bd\u011bli pro\u010d, a budeme se c\u00edtit jako cizinci. Zde se v\u0161ak nen\u00ed t\u0159eba b\u00e1t. Po n\u011bjak\u00e9 dob\u011b se op\u011bt asimilujeme, a tato f\u00e1ze pomine.                                                                                                                                                                                                                                                                                                                                                                                        4.3\/5 - (9 votes)        "},{"@context":"https:\/\/schema.org\/","@type":"BreadcrumbList","itemListElement":[{"@type":"ListItem","position":1,"name":"Pro\u010d za\u017e\u00edv\u00e1me n\u011bkdy reverzn\u00ed kulturn\u00ed \u0161ok","item":"https:\/\/www.auxilia.cz\/proc-zazivame-nekdy-reverzni-kulturni-sok\/#breadcrumbitem"}]}]