[{"@context":"https:\/\/schema.org\/","@type":"Article","@id":"https:\/\/www.auxilia.cz\/poridte-si-kalendar-s-vasimi-motivy\/#Article","mainEntityOfPage":"https:\/\/www.auxilia.cz\/poridte-si-kalendar-s-vasimi-motivy\/","headline":"Po\u0159i\u010fte si kalend\u00e1\u0159 s va\u0161imi motivy","name":"Po\u0159i\u010fte si kalend\u00e1\u0159 s va\u0161imi motivy","description":"Kalend\u00e1\u0159e v\u00edd\u00e1me na ka\u017ed\u00e9m rohu a jejich r\u016fzn\u00e9 motivy n\u00e1s mnohdy mohou zaujmout. Hezk\u00e9 motivy se v\u0161ak v\u017edy nemus\u00ed t\u00fdkat pouze automobil\u016f nebo t\u0159eba zv\u00ed\u0159at, ale m\u016f\u017eete si je vytvo\u0159it sami a to d\u00edky na\u0161\u00ed spole\u010dnosti, kter\u00e9 nab\u00edz\u00ed digit\u00e1ln\u00ed tisk za skv\u011blou cenu a umo\u017en\u00ed v\u00e1m tak, vytisknout si kalend\u00e1\u0159e","datePublished":"2024-04-01","dateModified":"2024-04-01","author":{"@type":"Person","@id":"https:\/\/www.auxilia.cz\/author\/#Person","name":"","url":"https:\/\/www.auxilia.cz\/author\/","identifier":1,"image":{"@type":"ImageObject","@id":"https:\/\/secure.gravatar.com\/avatar\/0dc285cbe86eecc8073f119fcb2e2c7032b51533f5bb47611c7d4a598558b8b7?s=96&d=mm&r=g","url":"https:\/\/secure.gravatar.com\/avatar\/0dc285cbe86eecc8073f119fcb2e2c7032b51533f5bb47611c7d4a598558b8b7?s=96&d=mm&r=g","height":96,"width":96}},"publisher":{"@type":"Organization","name":"auxilia.cz","logo":{"@type":"ImageObject","@id":"\/logo.png","url":"\/logo.png","width":600,"height":60}},"url":"https:\/\/www.auxilia.cz\/poridte-si-kalendar-s-vasimi-motivy\/","wordCount":289,"articleBody":"Kalend\u00e1\u0159e v\u00edd\u00e1me na ka\u017ed\u00e9m rohu a jejich r\u016fzn\u00e9 motivy n\u00e1s mnohdy mohou zaujmout. Hezk\u00e9 motivy se v\u0161ak v\u017edy nemus\u00ed t\u00fdkat pouze automobil\u016f nebo t\u0159eba zv\u00ed\u0159at, ale m\u016f\u017eete si je vytvo\u0159it sami a to d\u00edky na\u0161\u00ed spole\u010dnosti, kter\u00e9 nab\u00edz\u00ed digit\u00e1ln\u00ed tisk za skv\u011blou cenu a umo\u017en\u00ed v\u00e1m tak, vytisknout si kalend\u00e1\u0159e se sv\u00fdmi motivy. Takov\u00e9 kalend\u00e1\u0159e pak mohou b\u00fdt skv\u011blou volbou nap\u0159\u00edklad do firmy, kde mohou pom\u00e1hat va\u0161im zam\u011bstnanc\u016fm uleh\u010dit si pr\u00e1ci nebo t\u0159eba jako reklamn\u00ed p\u0159edm\u011bty, kter\u00e9 zlep\u0161\u00ed renom\u00e9 va\u0161\u00ed firmy. Po\u0159\u00edzen\u00ed takov\u00fdch kalend\u00e1\u0159\u016f je p\u0159itom velmi snadn\u00e9 a d\u00edky n\u00edzk\u00e9 cen\u011b nemus\u00edte utr\u00e1cet zbyte\u010dn\u011b moc pen\u011bz. Dal\u0161\u00ed v\u00fdhodou na\u0161eho digit\u00e1ln\u00edho tisku je pak jeho kvalita, kter\u00e1 nab\u00edz\u00ed nejen pestr\u00e9 barvy, ale tak\u00e9 skv\u011bl\u00e9 prostorov\u00e9 \u0159e\u0161en\u00ed.Vytiskn\u011bte si pot\u0159ebn\u00e9 let\u00e1ky pro va\u0161i firmuLet\u00e1ky jsou jednou z nejlep\u0161\u00edch mo\u017enost\u00ed, jak upozornit na svoji firmu a dostat ji tak do pov\u011bdom\u00ed nov\u00fdch z\u00e1kazn\u00edk\u016f. Tvorba takov\u00fdch let\u00e1k\u016f v\u0161ak m\u016f\u017ee b\u00fdt p\u0159edev\u0161\u00edm ve v\u011bt\u0161\u00edm mno\u017estv\u00ed velmi n\u00e1kladn\u00e1 a je tak pot\u0159eb naj\u00edt tisk\u00e1rnu, kter\u00e1 prov\u00e1d\u00ed digit\u00e1ln\u00ed tiskza dobrou cenu. Na\u0161e firma se touto vlastnost\u00ed m\u016f\u017ee chlubit a vy tak d\u00edky jej\u00ed\u017e skv\u011bl\u00e9 nab\u00eddce m\u016f\u017eete u\u0161et\u0159it klidn\u011b i n\u011bkolik tis\u00edc korun p\u0159i tisku va\u0161ich let\u00e1k\u016f nebo jin\u00fdch tiskovin.                                                                                                                                                                                                                                                                                                                                                                                        4.2\/5 - (10 votes)        "},{"@context":"https:\/\/schema.org\/","@type":"BreadcrumbList","itemListElement":[{"@type":"ListItem","position":1,"name":"Po\u0159i\u010fte si kalend\u00e1\u0159 s va\u0161imi motivy","item":"https:\/\/www.auxilia.cz\/poridte-si-kalendar-s-vasimi-motivy\/#breadcrumbitem"}]}]