[{"@context":"https:\/\/schema.org\/","@type":"Article","@id":"https:\/\/www.auxilia.cz\/nejobyvanejsi-mistnost-v-byte\/#Article","mainEntityOfPage":"https:\/\/www.auxilia.cz\/nejobyvanejsi-mistnost-v-byte\/","headline":"Nejob\u00fdvan\u011bj\u0161\u00ed m\u00edstnost v byt\u011b","name":"Nejob\u00fdvan\u011bj\u0161\u00ed m\u00edstnost v byt\u011b","description":"Kuchyn\u011b je nejob\u00fdvan\u011bj\u0161\u00ed m\u00edstnost\u00ed, zde lid\u00e9 tr\u00e1v\u00ed spole\u010dn\u011b nejv\u00edce \u010dasu spole\u010dn\u011b. Lid\u00e9 si zde p\u0159ipravuj\u00ed j\u00eddlo nebo n\u00e1poj. Hospodyn\u011b zde chyst\u00e1 sv\u00fdm d\u011btem sva\u010diny do \u0161koly a va\u0159\u00ed zde v\u00edkendov\u00e9 menu. Vytv\u00e1\u0159\u00ed zde ve\u0161kerou \u00fa\u017easnou gastronomii, kterou obdivuj\u00ed v\u0161ichni p\u0159\u00edbuzn\u00ed na v\u0161ech oslav\u00e1ch narozenin, V\u00e1noc a dal\u0161\u00edch. Prohl\u00e9dn\u011bte si fotogalerii","datePublished":"2025-08-28","dateModified":"2025-08-28","author":{"@type":"Person","@id":"https:\/\/www.auxilia.cz\/author\/#Person","name":"","url":"https:\/\/www.auxilia.cz\/author\/","identifier":1,"image":{"@type":"ImageObject","@id":"https:\/\/secure.gravatar.com\/avatar\/0dc285cbe86eecc8073f119fcb2e2c7032b51533f5bb47611c7d4a598558b8b7?s=96&d=mm&r=g","url":"https:\/\/secure.gravatar.com\/avatar\/0dc285cbe86eecc8073f119fcb2e2c7032b51533f5bb47611c7d4a598558b8b7?s=96&d=mm&r=g","height":96,"width":96}},"publisher":{"@type":"Organization","name":"auxilia.cz","logo":{"@type":"ImageObject","@id":"\/logo.png","url":"\/logo.png","width":600,"height":60}},"url":"https:\/\/www.auxilia.cz\/nejobyvanejsi-mistnost-v-byte\/","wordCount":171,"articleBody":" Kuchyn\u011b je nejob\u00fdvan\u011bj\u0161\u00ed m\u00edstnost\u00ed, zde lid\u00e9 tr\u00e1v\u00ed spole\u010dn\u011b nejv\u00edce \u010dasu spole\u010dn\u011b. Lid\u00e9 si zde p\u0159ipravuj\u00ed j\u00eddlo nebo n\u00e1poj. Hospodyn\u011b zde chyst\u00e1 sv\u00fdm d\u011btem sva\u010diny do \u0161koly a va\u0159\u00ed zde v\u00edkendov\u00e9 menu. Vytv\u00e1\u0159\u00ed zde ve\u0161kerou \u00fa\u017easnou gastronomii, kterou obdivuj\u00ed v\u0161ichni p\u0159\u00edbuzn\u00ed na v\u0161ech oslav\u00e1ch narozenin, V\u00e1noc a dal\u0161\u00edch. Prohl\u00e9dn\u011bte si fotogalerii Do dom\u00e1cnosti, kde to \u017eije l\u00e1skou a pohodou se prost\u011b hod\u00ed a m\u011bli byste se pro ni rozhodnout. Pro co? No p\u0159ece pro rustik\u00e1ln\u00ed kuchyni, kter\u00e1 je t\u00edm nejlep\u0161\u00edm rozhodnut\u00edm pro V\u00e1s i Va\u0161i rodinu. Je to velmi elegantn\u00ed \u0159e\u0161en\u00ed, kter\u00e9 p\u0159ekon\u00e1 desetilet\u00ed. Je to v\u011b\u010dn\u011b modern\u00ed \u0159e\u0161en\u00ed, kter\u00e9 nevyjde nikdy z m\u00f3dy. Pod\u00edvejte se na webov\u00e9 str\u00e1nky spole\u010dnosti, kter\u00e1 je vyr\u00e1b\u00ed na zak\u00e1zku, prohl\u00e9dn\u011bte si jejich fotogalerii a rozhodn\u011bte se do \u010deho p\u016fjdete.                                                                                                                                                                                                                                                                                                                                                                                                "},{"@context":"https:\/\/schema.org\/","@type":"BreadcrumbList","itemListElement":[{"@type":"ListItem","position":1,"name":"Nejob\u00fdvan\u011bj\u0161\u00ed m\u00edstnost v byt\u011b","item":"https:\/\/www.auxilia.cz\/nejobyvanejsi-mistnost-v-byte\/#breadcrumbitem"}]}]